{"id":457,"date":"2025-09-24T16:47:48","date_gmt":"2025-09-24T16:47:48","guid":{"rendered":"https:\/\/lidh.com.mx\/?p=457"},"modified":"2025-09-24T17:28:42","modified_gmt":"2025-09-24T17:28:42","slug":"tips-para-crear-tu-marca-personal-%e2%9c%a8","status":"publish","type":"post","link":"https:\/\/lidh.com.mx\/en\/mujeres-y-finanzas\/tips-para-crear-tu-marca-personal-%e2%9c%a8\/","title":{"rendered":"Tips para crear tu marca personal \u2728"},"content":{"rendered":"<p>En el mundo del emprendimiento hay un mar de informaci\u00f3n que puede confundirte m\u00e1s de lo que ayuda. Por eso, aqu\u00ed encontrar\u00e1s las <strong>claves esenciales para crear tu marca personal<\/strong> y empezar con pasos firmes.<\/p>\n\n\n\n<h2 class=\"wp-block-heading\">\u00bfMarca personal o marca comercial? \ud83e\udd14<\/h2>\n\n\n\n<p>Una de las dudas m\u00e1s comunes entre emprendedoras es:<br><strong>\u00bfQu\u00e9 me conviene m\u00e1s, una marca personal o una marca comercial?<\/strong><\/p>\n\n\n\n<ul class=\"wp-block-list\">\n<li><strong>Marca comercial:<\/strong> se crea cuando un proyecto no est\u00e1 ligado a una sola persona. Funciona para productos, escuelas, fundaciones o empresas donde el \u201crostro\u201d es artificial y representa al colectivo.<\/li>\n\n\n\n<li><strong>Marca personal:<\/strong> est\u00e1 \u00edntimamente ligada a su creador. Transmite la personalidad, visi\u00f3n y experiencia de quien la representa. Ideal para servicios, productos nacidos de una experiencia propia o cuando t\u00fa eres la experta en un tema.<\/li>\n<\/ul>\n\n\n\n<p>\ud83d\udc49 Ambas son v\u00e1lidas, pero la elecci\u00f3n depender\u00e1 de tu prop\u00f3sito:<\/p>\n\n\n\n<ul class=\"wp-block-list\">\n<li>La <strong>marca personal<\/strong> es m\u00e1s f\u00e1cil de posicionar a corto plazo porque se apoya en tu credibilidad.<\/li>\n\n\n\n<li>La <strong>marca comercial<\/strong> requiere m\u00e1s inversi\u00f3n y tiempo, pero no depende de tu presencia.<\/li>\n<\/ul>\n\n\n\n<hr class=\"wp-block-separator has-alpha-channel-opacity\"\/>\n\n\n\n<h2 class=\"wp-block-heading\">Mitos de la marca personal \ud83d\udeab<\/h2>\n\n\n\n<ol class=\"wp-block-list\">\n<li><strong>\u201cDebo ser muy formal\u201d<\/strong><br>No necesitas perder tu esencia ni tu estilo. La clave est\u00e1 en tener una <strong>imagen congruente y constante<\/strong>, dise\u00f1ada profesionalmente.<\/li>\n\n\n\n<li><strong>\u201cLa gente me percibir\u00e1 como soberbia\u201d<\/strong><br>Una marca personal no significa que \u201csabes m\u00e1s que todos\u201d. Significa que tienes una <strong>visi\u00f3n \u00fanica<\/strong> y experiencia que aportan valor a cierto p\u00fablico.<\/li>\n\n\n\n<li><strong>\u201cLe quito m\u00e9rito a mi equipo de trabajo\u201d<\/strong><br>Tu equipo suma a tu visi\u00f3n. La gente conecta contigo como l\u00edder, pero sabe que hay manos detr\u00e1s del proyecto.<\/li>\n<\/ol>\n\n\n\n<hr class=\"wp-block-separator has-alpha-channel-opacity\"\/>\n\n\n\n<h2 class=\"wp-block-heading\">\u00bfC\u00f3mo deber\u00eda lucir tu marca personal? \ud83c\udfa8<\/h2>\n\n\n\n<p>M\u00e1s all\u00e1 del giro de tu negocio, tu marca debe reflejar tu <strong>personalidad aut\u00e9ntica<\/strong>.<br>El reto est\u00e1 en identificar qu\u00e9 elementos te representan para usarlos en tu identidad visual.<\/p>\n\n\n\n<p>Para eso, existe una <strong>metodolog\u00eda pr\u00e1ctica y divertida<\/strong> que te ayudar\u00e1 a encontrar esos elementos clave y construir una marca alineada contigo.<\/p>\n\n\n\n<hr class=\"wp-block-separator has-alpha-channel-opacity\"\/>\n\n\n\n<h2 class=\"wp-block-heading\">El mejor momento para crear tu marca personal \u23f3<\/h2>\n\n\n\n<p>Hazlo cuando tengas claro estos 3 puntos:<\/p>\n\n\n\n<ol class=\"wp-block-list\">\n<li><strong>A qui\u00e9n ayudas<\/strong> \ud83d\udc49 Describe a tu cliente como si fuera alguien que conoces: intereses, miedos, anhelos, m\u00e1s all\u00e1 de datos demogr\u00e1ficos.<\/li>\n\n\n\n<li><strong>Qu\u00e9 te hace diferente<\/strong> \ud83d\udc49 Tu diferencial debe venir de tu experiencia de vida, no solo de precio, calidad o servicio.<\/li>\n\n\n\n<li><strong>Que te apasione<\/strong> \ud83d\udc49 Si har\u00edas lo que haces aunque no te pagaran, ya encontraste la gasolina para darle formalidad a tu proyecto.<\/li>\n<\/ol>\n\n\n\n<hr class=\"wp-block-separator has-alpha-channel-opacity\"\/>\n\n\n\n<h2 class=\"wp-block-heading\">\u00bfLista para dar el paso? \ud83d\ude80<\/h2>\n\n\n\n<p>Si despu\u00e9s de leer este art\u00edculo sientes que est\u00e1s lista para crear tu marca personal, cont\u00e1ctame en \ud83d\udc49 <a href=\"https:\/\/bit.ly\/AndyWhats\">este enlace<\/a>.<\/p>\n\n\n\n<p>Podemos agendar una <strong>cita virtual sin compromiso<\/strong>, donde te compartir\u00e9 c\u00f3mo empezar a crear la identidad de tu marca.<\/p>\n\n\n\n<p>\ud83c\udf81 Y si mencionas que vienes de <strong>LIDH<\/strong>, recibir\u00e1s un <strong>10% de descuento<\/strong> en el servicio que decidas contratar.<\/p>\n\n\n\n<hr class=\"wp-block-separator has-alpha-channel-opacity\"\/>\n\n\n\n<p>\u270d\ufe0f <strong>Andy L\u00f3pez<\/strong><br><em>Arquitecta de marca<\/em><\/p>\n\n\n\n<p><\/p>","protected":false},"excerpt":{"rendered":"<p>En el mundo del emprendimiento hay un mar de informaci\u00f3n que puede confundirte m\u00e1s de lo que ayuda. Por eso, aqu\u00ed encontrar\u00e1s las claves esenciales para crear tu marca personal y empezar con pasos firmes. \u00bfMarca personal o marca comercial? \ud83e\udd14 Una de las dudas m\u00e1s comunes entre emprendedoras es:\u00bfQu\u00e9 me conviene m\u00e1s, una marca&#8230;<\/p>","protected":false},"author":1,"featured_media":460,"comment_status":"open","ping_status":"open","sticky":false,"template":"","format":"standard","meta":{"_kadence_starter_templates_imported_post":false,"_kad_post_transparent":"","_kad_post_title":"","_kad_post_layout":"right","_kad_post_sidebar_id":"","_kad_post_content_style":"","_kad_post_vertical_padding":"","_kad_post_feature":"","_kad_post_feature_position":"","_kad_post_header":false,"_kad_post_footer":false,"_kad_post_classname":"","footnotes":""},"categories":[24,22],"tags":[],"class_list":["post-457","post","type-post","status-publish","format-standard","has-post-thumbnail","hentry","category-emprendimiento","category-mujeres-y-finanzas"],"_links":{"self":[{"href":"https:\/\/lidh.com.mx\/en\/wp-json\/wp\/v2\/posts\/457","targetHints":{"allow":["GET"]}}],"collection":[{"href":"https:\/\/lidh.com.mx\/en\/wp-json\/wp\/v2\/posts"}],"about":[{"href":"https:\/\/lidh.com.mx\/en\/wp-json\/wp\/v2\/types\/post"}],"author":[{"embeddable":true,"href":"https:\/\/lidh.com.mx\/en\/wp-json\/wp\/v2\/users\/1"}],"replies":[{"embeddable":true,"href":"https:\/\/lidh.com.mx\/en\/wp-json\/wp\/v2\/comments?post=457"}],"version-history":[{"count":3,"href":"https:\/\/lidh.com.mx\/en\/wp-json\/wp\/v2\/posts\/457\/revisions"}],"predecessor-version":[{"id":478,"href":"https:\/\/lidh.com.mx\/en\/wp-json\/wp\/v2\/posts\/457\/revisions\/478"}],"wp:featuredmedia":[{"embeddable":true,"href":"https:\/\/lidh.com.mx\/en\/wp-json\/wp\/v2\/media\/460"}],"wp:attachment":[{"href":"https:\/\/lidh.com.mx\/en\/wp-json\/wp\/v2\/media?parent=457"}],"wp:term":[{"taxonomy":"category","embeddable":true,"href":"https:\/\/lidh.com.mx\/en\/wp-json\/wp\/v2\/categories?post=457"},{"taxonomy":"post_tag","embeddable":true,"href":"https:\/\/lidh.com.mx\/en\/wp-json\/wp\/v2\/tags?post=457"}],"curies":[{"name":"wp","href":"https:\/\/api.w.org\/{rel}","templated":true}]}}